{"id":1411,"date":"2024-03-17T19:18:04","date_gmt":"2024-03-17T18:18:04","guid":{"rendered":"https:\/\/www.rebreather-reunion.de\/?p=1411"},"modified":"2024-08-17T19:57:43","modified_gmt":"2024-08-17T17:57:43","slug":"news-update-eventplanung","status":"publish","type":"post","link":"https:\/\/www.rebreather-reunion.de\/?p=1411","title":{"rendered":"News-Update Eventplanung"},"content":{"rendered":"\n<p>Moin zusammen,<\/p>\n\n\n\n<p>die Tage bis zur n\u00e4chsten Rebreather Reunion ziehen ins Land und wir haben in diesem Jahr ein tolles Programm f\u00fcr Euch parat, zu dem wir alle herzlich einladen.<\/p>\n\n\n\n<p>Wir starten am Freitagabend mit der legend\u00e4ren Grillparty am Kreidesee \u2013 an der Grillh\u00fctte auf der Wiese zwischen Tauchbasis und Einstieg E0. Jeder bringt in gewohnter Manier sein Grillgut selbst mit. Neu ist, dass wir Sitzgelegenheiten und Tische vor Ort aufbauen werden, sodass wir alle entspannt <a><\/a>beisammensitzen und den Abend in gem\u00fctlicher Atmosph\u00e4re ausklingen lassen k\u00f6nnen.<\/p>\n\n\n\n<p>Samstag ist der Programm-Tag. Dreh- und Angelpunkt wird wieder der Rebreather Reunion-Pavillon sein. Kommt vorbei, wir freuen uns darauf, dort einen regen Austausch mit Euch zu haben. Nachmittags haben wir f\u00fcr alle Kreiselcracks, aber gleichfalls f\u00fcr alle interessierten Neulinge, die Ger\u00e4te vieler namhafter Hersteller sowie diverse &#8222;Exoten&#8220; in der Pr\u00e4sentation. Es wird in einem oder zwei Rundg\u00e4ngen Kurzpr\u00e4sentationen f\u00fcr den \u00dcberblick und zu Neuerungen geben. Vor- und nachher ist an den Pr\u00e4sentationstischen gen\u00fcgend Zeit, um Nachfragen zu stellen. Die Pr\u00e4sentationen werden von Herstellern, Instruktoren oder erfahrenen Usern angeboten (konkreter Zeitplan folgt).<\/p>\n\n\n\n<p>Am Samstagabend haben wir eine weitere Neuerung geplant: damit das Tagesgeschehen nicht auseinandergerissen wird und alle entspannt in den Abend &#8218;gleiten&#8216; k\u00f6nnen, werden wir in diesem Jahr am Kreidesee bleiben. Wir haben f\u00fcr Euch ein Catering am See organisiert (Abendbuffet, Getr\u00e4nkewagen etc.). In K\u00fcrze werden wir Infos zum Men\u00fc sowie den Anmeldemodalit\u00e4ten ver\u00f6ffentlichen.<\/p>\n\n\n\n<p>Last, but not least die Info, dass es in diesem Jahr wieder coole T-Shirts geben wird (=&gt; more soon!).<\/p>\n\n\n\n<p>Wir freuen uns auf Euch und auf einen regen Austausch auf der Rebreather Reunion 2024!!<\/p>\n\n\n\n<p>Bitte meldet Euch wenn m\u00f6glich \u00fcber unseren Facebook-Kanal zum Event an oder sendet uns eine E-Mail. <\/p>\n\n\n\n<p>Wie immer gilt: empfehlt die Veranstaltung gerne weiter und bringt andere Rebreather-Taucher und Interessierte mit. Das Event lebt von der Community \u2013 von Tauchern f\u00fcr Taucher.<\/p>\n\n\n\n<p>Euer Orga-Team<\/p>\n\n\n\n<p>Astrid, Carina, Tobi, Michi und Philipp<\/p>\n\n\n\n<figure class=\"wp-block-image size-large\"><img loading=\"lazy\" decoding=\"async\" width=\"1024\" height=\"1024\" src=\"https:\/\/www.rebreather-reunion.de\/rr\/wp-content\/uploads\/2024\/03\/Eventpost-1024x1024.jpg\" alt=\"\" class=\"wp-image-1442\" srcset=\"https:\/\/www.rebreather-reunion.de\/rr\/wp-content\/uploads\/2024\/03\/Eventpost-1024x1024.jpg 1024w, https:\/\/www.rebreather-reunion.de\/rr\/wp-content\/uploads\/2024\/03\/Eventpost-300x300.jpg 300w, https:\/\/www.rebreather-reunion.de\/rr\/wp-content\/uploads\/2024\/03\/Eventpost-100x100.jpg 100w, https:\/\/www.rebreather-reunion.de\/rr\/wp-content\/uploads\/2024\/03\/Eventpost-600x600.jpg 600w, https:\/\/www.rebreather-reunion.de\/rr\/wp-content\/uploads\/2024\/03\/Eventpost-150x150.jpg 150w, https:\/\/www.rebreather-reunion.de\/rr\/wp-content\/uploads\/2024\/03\/Eventpost-768x768.jpg 768w, https:\/\/www.rebreather-reunion.de\/rr\/wp-content\/uploads\/2024\/03\/Eventpost-1536x1536.jpg 1536w, https:\/\/www.rebreather-reunion.de\/rr\/wp-content\/uploads\/2024\/03\/Eventpost-730x730.jpg 730w, https:\/\/www.rebreather-reunion.de\/rr\/wp-content\/uploads\/2024\/03\/Eventpost-365x365.jpg 365w, https:\/\/www.rebreather-reunion.de\/rr\/wp-content\/uploads\/2024\/03\/Eventpost.jpg 1883w\" sizes=\"auto, (max-width: 1024px) 100vw, 1024px\" \/><\/figure>\n","protected":false},"excerpt":{"rendered":"<p>Das Programm f\u00fcr das diesj\u00e4hrige Treffen nimmt nach und nach Gestalt an, sodass wir Euch vorab mit ein paar Neuigkeiten dazu versorgen wollen.<\/p>\n","protected":false},"author":2,"featured_media":1447,"comment_status":"open","ping_status":"closed","sticky":false,"template":"","format":"standard","meta":{"footnotes":""},"categories":[78],"tags":[],"class_list":["post-1411","post","type-post","status-publish","format-standard","has-post-thumbnail","hentry","category-rebbi-treffen-2024"],"_links":{"self":[{"href":"https:\/\/www.rebreather-reunion.de\/index.php?rest_route=\/wp\/v2\/posts\/1411","targetHints":{"allow":["GET"]}}],"collection":[{"href":"https:\/\/www.rebreather-reunion.de\/index.php?rest_route=\/wp\/v2\/posts"}],"about":[{"href":"https:\/\/www.rebreather-reunion.de\/index.php?rest_route=\/wp\/v2\/types\/post"}],"author":[{"embeddable":true,"href":"https:\/\/www.rebreather-reunion.de\/index.php?rest_route=\/wp\/v2\/users\/2"}],"replies":[{"embeddable":true,"href":"https:\/\/www.rebreather-reunion.de\/index.php?rest_route=%2Fwp%2Fv2%2Fcomments&post=1411"}],"version-history":[{"count":5,"href":"https:\/\/www.rebreather-reunion.de\/index.php?rest_route=\/wp\/v2\/posts\/1411\/revisions"}],"predecessor-version":[{"id":1445,"href":"https:\/\/www.rebreather-reunion.de\/index.php?rest_route=\/wp\/v2\/posts\/1411\/revisions\/1445"}],"wp:featuredmedia":[{"embeddable":true,"href":"https:\/\/www.rebreather-reunion.de\/index.php?rest_route=\/wp\/v2\/media\/1447"}],"wp:attachment":[{"href":"https:\/\/www.rebreather-reunion.de\/index.php?rest_route=%2Fwp%2Fv2%2Fmedia&parent=1411"}],"wp:term":[{"taxonomy":"category","embeddable":true,"href":"https:\/\/www.rebreather-reunion.de\/index.php?rest_route=%2Fwp%2Fv2%2Fcategories&post=1411"},{"taxonomy":"post_tag","embeddable":true,"href":"https:\/\/www.rebreather-reunion.de\/index.php?rest_route=%2Fwp%2Fv2%2Ftags&post=1411"}],"curies":[{"name":"wp","href":"https:\/\/api.w.org\/{rel}","templated":true}]}}