{"id":340,"date":"2016-07-09T12:38:22","date_gmt":"2016-07-09T10:38:22","guid":{"rendered":"https:\/\/www.rebreather-reunion.de\/?p=340"},"modified":"2017-03-24T11:28:51","modified_gmt":"2017-03-24T10:28:51","slug":"zeitplan-kreiseltreffen-2016","status":"publish","type":"post","link":"https:\/\/www.rebreather-reunion.de\/?p=340","title":{"rendered":"Zeitplan Kreiseltreffen 2016"},"content":{"rendered":"<figure id=\"attachment_343\" class=\"thumbnail wp-caption alignleft\" style=\"width: 300px\"><a href=\"https:\/\/www.rebreather-reunion.de\/rr\/wp-content\/uploads\/2016\/07\/20130804_Reunion_28.jpg\"><img loading=\"lazy\" decoding=\"async\" class=\"wp-image-343 size-medium\" src=\"https:\/\/www.rebreather-reunion.de\/rr\/wp-content\/uploads\/2016\/07\/20130804_Reunion_28-300x225.jpg\" width=\"300\" height=\"225\" srcset=\"https:\/\/www.rebreather-reunion.de\/rr\/wp-content\/uploads\/2016\/07\/20130804_Reunion_28-300x225.jpg 300w, https:\/\/www.rebreather-reunion.de\/rr\/wp-content\/uploads\/2016\/07\/20130804_Reunion_28-600x450.jpg 600w, https:\/\/www.rebreather-reunion.de\/rr\/wp-content\/uploads\/2016\/07\/20130804_Reunion_28-768x576.jpg 768w, https:\/\/www.rebreather-reunion.de\/rr\/wp-content\/uploads\/2016\/07\/20130804_Reunion_28-1024x768.jpg 1024w\" sizes=\"auto, (max-width: 300px) 100vw, 300px\" \/><\/a><figcaption class=\"caption wp-caption-text\">Fotosession 2013<\/figcaption><\/figure>\n<p style=\"text-align: justify;\">Aufgrund der Tatsache, dass sich Dirk recht fr\u00fchzeitig um unsere Vortragsredner gek\u00fcmmert hat, steht der Ablauf weitestgehend schon eine Weile fest. Daher wollen wir euch das auch nicht vorenthalten. Die angegebenen Zeiten sind wie immer zirka Zeiten, wobei ein p\u00fcnktliches Erscheinen zum Gruppenfoto nat\u00fcrlich die Chance erh\u00f6ht, auch mit drauf zu sein \ud83d\ude42<\/p>\n<p style=\"text-align: justify;\">Der QR Code enth\u00e4lt eine verk\u00fcrzte Version der Agenda, die unter <a href=\"https:\/\/www.rebreather-reunion.de\/?page_id=235\">Download<\/a> f\u00fcr euch bereit liegt.<\/p>\n<p style=\"text-align: justify;\">Wir freuen uns schon alle auf euch.<\/p>\n<div class=\"mceTemp\"><\/div>\n","protected":false},"excerpt":{"rendered":"<p>Aufgrund der Tatsache, dass sich Dirk recht fr\u00fchzeitig um unsere Vortragsredner gek\u00fcmmert hat, steht der Ablauf weitestgehend schon eine Weile fest. Daher wollen wir euch das auch nicht vorenthalten. Die angegebenen Zeiten sind wie immer zirka Zeiten, wobei ein p\u00fcnktliches &hellip; <a href=\"https:\/\/www.rebreather-reunion.de\/?p=340\">Weiter<\/a><\/p>\n","protected":false},"author":1,"featured_media":348,"comment_status":"closed","ping_status":"closed","sticky":false,"template":"","format":"standard","meta":{"footnotes":""},"categories":[5],"tags":[26,23,25,22,24],"class_list":["post-340","post","type-post","status-publish","format-standard","has-post-thumbnail","hentry","category-rebbi-treffen-2016","tag-26","tag-agenda","tag-qr-code","tag-vortraege","tag-zeitplan"],"_links":{"self":[{"href":"https:\/\/www.rebreather-reunion.de\/index.php?rest_route=\/wp\/v2\/posts\/340","targetHints":{"allow":["GET"]}}],"collection":[{"href":"https:\/\/www.rebreather-reunion.de\/index.php?rest_route=\/wp\/v2\/posts"}],"about":[{"href":"https:\/\/www.rebreather-reunion.de\/index.php?rest_route=\/wp\/v2\/types\/post"}],"author":[{"embeddable":true,"href":"https:\/\/www.rebreather-reunion.de\/index.php?rest_route=\/wp\/v2\/users\/1"}],"replies":[{"embeddable":true,"href":"https:\/\/www.rebreather-reunion.de\/index.php?rest_route=%2Fwp%2Fv2%2Fcomments&post=340"}],"version-history":[{"count":2,"href":"https:\/\/www.rebreather-reunion.de\/index.php?rest_route=\/wp\/v2\/posts\/340\/revisions"}],"predecessor-version":[{"id":345,"href":"https:\/\/www.rebreather-reunion.de\/index.php?rest_route=\/wp\/v2\/posts\/340\/revisions\/345"}],"wp:featuredmedia":[{"embeddable":true,"href":"https:\/\/www.rebreather-reunion.de\/index.php?rest_route=\/wp\/v2\/media\/348"}],"wp:attachment":[{"href":"https:\/\/www.rebreather-reunion.de\/index.php?rest_route=%2Fwp%2Fv2%2Fmedia&parent=340"}],"wp:term":[{"taxonomy":"category","embeddable":true,"href":"https:\/\/www.rebreather-reunion.de\/index.php?rest_route=%2Fwp%2Fv2%2Fcategories&post=340"},{"taxonomy":"post_tag","embeddable":true,"href":"https:\/\/www.rebreather-reunion.de\/index.php?rest_route=%2Fwp%2Fv2%2Ftags&post=340"}],"curies":[{"name":"wp","href":"https:\/\/api.w.org\/{rel}","templated":true}]}}