{"id":71,"date":"2016-02-17T01:20:19","date_gmt":"2016-02-17T00:20:19","guid":{"rendered":"http:\/\/rebreather-reunion.de\/rr\/?p=71"},"modified":"2017-03-24T11:29:21","modified_gmt":"2017-03-24T10:29:21","slug":"flyer-fuer-2016-fertig","status":"publish","type":"post","link":"https:\/\/www.rebreather-reunion.de\/?p=71","title":{"rendered":"Flyer f\u00fcr 2016 fertig"},"content":{"rendered":"<p>Liebe Kreiselfreunde,<\/p>\n<p style=\"text-align: justify;\">nachdem wir nun die Referenten\u00a0f\u00fcr unser diesj\u00e4hriges Treffen im August gewinnen konnten, sind auch die Flyer entsprechend fertiggestellt. Wie jedes Jahr w\u00fcrden wir uns freuen, wenn ihr diese auf anderen Plattformen teilt. Da der Termin noch eine Weile hin ist, sind \u00c4nderungen im Programm noch vorbehalten. Die Flyer sind als PDF auch unter <a href=\"https:\/\/www.rebreather-reunion.de\/?page_id=235\">Download<\/a> verf\u00fcgbar.<\/p>\n<p style=\"text-align: justify;\">Wir freuen uns schon auf die Beitr\u00e4ge.<\/p>\n<div id=\"kad-wp-gallery35\" class=\"kad-wp-gallery kad-light-wp-gallery clearfix kt-gallery-column-4 rowtight\"><div class=\"tcol-lg-3 tcol-md-3 tcol-sm-4 tcol-xs-6 tcol-ss-12 g_item\"><div class=\"grid_item kad_gallery_fade_in gallery_item\"><a href=\"https:\/\/www.rebreather-reunion.de\/rr\/wp-content\/uploads\/2016\/02\/flyer_rebbi_8.jpg\" data-rel=\"lightbox\" class=\"lightboxhover\"><img loading=\"lazy\" decoding=\"async\" src=\"https:\/\/www.rebreather-reunion.de\/rr\/wp-content\/uploads\/2016\/02\/flyer_rebbi_8-300x300.jpg\" width=\"300\" height=\"300\" alt=\"Flyer deutsch\" srcset=\"https:\/\/www.rebreather-reunion.de\/rr\/wp-content\/uploads\/2016\/02\/flyer_rebbi_8-300x300.jpg 300w, https:\/\/www.rebreather-reunion.de\/rr\/wp-content\/uploads\/2016\/02\/flyer_rebbi_8-100x100.jpg 100w, https:\/\/www.rebreather-reunion.de\/rr\/wp-content\/uploads\/2016\/02\/flyer_rebbi_8-150x150.jpg 150w, https:\/\/www.rebreather-reunion.de\/rr\/wp-content\/uploads\/2016\/02\/flyer_rebbi_8-600x600.jpg 600w\" sizes=\"auto, (max-width: 300px) 100vw, 300px\" class=\"light-dropshaddow\"\/><\/a><\/div><\/div><div class=\"tcol-lg-3 tcol-md-3 tcol-sm-4 tcol-xs-6 tcol-ss-12 g_item\"><div class=\"grid_item kad_gallery_fade_in gallery_item\"><a href=\"https:\/\/www.rebreather-reunion.de\/rr\/wp-content\/uploads\/2016\/02\/flyer_rebbi_8_ENG.jpg\" data-rel=\"lightbox\" class=\"lightboxhover\"><img loading=\"lazy\" decoding=\"async\" src=\"https:\/\/www.rebreather-reunion.de\/rr\/wp-content\/uploads\/2016\/02\/flyer_rebbi_8_ENG-300x300.jpg\" width=\"300\" height=\"300\" alt=\"Flyer englisch\" srcset=\"https:\/\/www.rebreather-reunion.de\/rr\/wp-content\/uploads\/2016\/02\/flyer_rebbi_8_ENG-300x300.jpg 300w, https:\/\/www.rebreather-reunion.de\/rr\/wp-content\/uploads\/2016\/02\/flyer_rebbi_8_ENG-100x100.jpg 100w, https:\/\/www.rebreather-reunion.de\/rr\/wp-content\/uploads\/2016\/02\/flyer_rebbi_8_ENG-150x150.jpg 150w, https:\/\/www.rebreather-reunion.de\/rr\/wp-content\/uploads\/2016\/02\/flyer_rebbi_8_ENG-600x600.jpg 600w\" sizes=\"auto, (max-width: 300px) 100vw, 300px\" class=\"light-dropshaddow\"\/><\/a><\/div><\/div><\/div>\n","protected":false},"excerpt":{"rendered":"<p>Liebe Kreiselfreunde, nachdem wir nun die Referenten\u00a0f\u00fcr unser diesj\u00e4hriges Treffen im August gewinnen konnten, sind auch die Flyer entsprechend fertiggestellt. Wie jedes Jahr w\u00fcrden wir uns freuen, wenn ihr diese auf anderen Plattformen teilt. Da der Termin noch eine Weile &hellip; <a href=\"https:\/\/www.rebreather-reunion.de\/?p=71\">Weiter<\/a><\/p>\n","protected":false},"author":1,"featured_media":87,"comment_status":"closed","ping_status":"closed","sticky":false,"template":"","format":"standard","meta":{"footnotes":""},"categories":[5],"tags":[10,9],"class_list":["post-71","post","type-post","status-publish","format-standard","has-post-thumbnail","hentry","category-rebbi-treffen-2016","tag-flyer","tag-treffen-2016"],"_links":{"self":[{"href":"https:\/\/www.rebreather-reunion.de\/index.php?rest_route=\/wp\/v2\/posts\/71","targetHints":{"allow":["GET"]}}],"collection":[{"href":"https:\/\/www.rebreather-reunion.de\/index.php?rest_route=\/wp\/v2\/posts"}],"about":[{"href":"https:\/\/www.rebreather-reunion.de\/index.php?rest_route=\/wp\/v2\/types\/post"}],"author":[{"embeddable":true,"href":"https:\/\/www.rebreather-reunion.de\/index.php?rest_route=\/wp\/v2\/users\/1"}],"replies":[{"embeddable":true,"href":"https:\/\/www.rebreather-reunion.de\/index.php?rest_route=%2Fwp%2Fv2%2Fcomments&post=71"}],"version-history":[{"count":10,"href":"https:\/\/www.rebreather-reunion.de\/index.php?rest_route=\/wp\/v2\/posts\/71\/revisions"}],"predecessor-version":[{"id":297,"href":"https:\/\/www.rebreather-reunion.de\/index.php?rest_route=\/wp\/v2\/posts\/71\/revisions\/297"}],"wp:featuredmedia":[{"embeddable":true,"href":"https:\/\/www.rebreather-reunion.de\/index.php?rest_route=\/wp\/v2\/media\/87"}],"wp:attachment":[{"href":"https:\/\/www.rebreather-reunion.de\/index.php?rest_route=%2Fwp%2Fv2%2Fmedia&parent=71"}],"wp:term":[{"taxonomy":"category","embeddable":true,"href":"https:\/\/www.rebreather-reunion.de\/index.php?rest_route=%2Fwp%2Fv2%2Fcategories&post=71"},{"taxonomy":"post_tag","embeddable":true,"href":"https:\/\/www.rebreather-reunion.de\/index.php?rest_route=%2Fwp%2Fv2%2Ftags&post=71"}],"curies":[{"name":"wp","href":"https:\/\/api.w.org\/{rel}","templated":true}]}}