{"id":730,"date":"2018-07-29T19:50:14","date_gmt":"2018-07-29T17:50:14","guid":{"rendered":"https:\/\/www.rebreather-reunion.de\/?p=730"},"modified":"2018-07-29T21:13:52","modified_gmt":"2018-07-29T19:13:52","slug":"zeitplan-fuer-2018-steht","status":"publish","type":"post","link":"https:\/\/www.rebreather-reunion.de\/?p=730","title":{"rendered":"Zeitplan f\u00fcr 2018 steht"},"content":{"rendered":"<p>&nbsp;<\/p>\n<p><img loading=\"lazy\" decoding=\"async\" class=\"size-full wp-image-731 alignleft\" src=\"https:\/\/www.rebreather-reunion.de\/rr\/wp-content\/uploads\/2018\/07\/qrcode.png\" alt=\"\" width=\"400\" height=\"400\" srcset=\"https:\/\/www.rebreather-reunion.de\/rr\/wp-content\/uploads\/2018\/07\/qrcode.png 400w, https:\/\/www.rebreather-reunion.de\/rr\/wp-content\/uploads\/2018\/07\/qrcode-300x300.png 300w, https:\/\/www.rebreather-reunion.de\/rr\/wp-content\/uploads\/2018\/07\/qrcode-100x100.png 100w, https:\/\/www.rebreather-reunion.de\/rr\/wp-content\/uploads\/2018\/07\/qrcode-150x150.png 150w, https:\/\/www.rebreather-reunion.de\/rr\/wp-content\/uploads\/2018\/07\/qrcode-365x365.png 365w\" sizes=\"auto, (max-width: 400px) 100vw, 400px\" \/>Hallo liebe Kreiseltaucher,<\/p>\n<p>der Zeitplan steht nun auch f\u00fcr unser Jubil\u00e4umstreffen in diesem Jahr. Die Zeiten sind eine Richtlinie, die wir m\u00f6glichst genau einhalten wollen. Auch w\u00fcrden wir uns freuen, wenn m\u00f6glichst viele am Samstag 13 Uhr zum Gruppenfoto auf der Wiese am Einstieg E0 erscheinen, zumal wir dieses Jahr wohl locker die 120 Teilnehmer knacken werden. Der Zeitplan ist als PDF im <a href=\"https:\/\/www.rebreather-reunion.de\/?page_id=235\">Downloadbereich<\/a> verf\u00fcgbar sowie in Kurzform im QR-Code.<\/p>\n<p>&nbsp;<\/p>\n","protected":false},"excerpt":{"rendered":"<p>&nbsp; Hallo liebe Kreiseltaucher, der Zeitplan steht nun auch f\u00fcr unser Jubil\u00e4umstreffen in diesem Jahr. Die Zeiten sind eine Richtlinie, die wir m\u00f6glichst genau einhalten wollen. Auch w\u00fcrden wir uns freuen, wenn m\u00f6glichst viele am Samstag 13 Uhr zum Gruppenfoto &hellip; <a href=\"https:\/\/www.rebreather-reunion.de\/?p=730\">Weiter<\/a><\/p>\n","protected":false},"author":1,"featured_media":731,"comment_status":"closed","ping_status":"closed","sticky":false,"template":"","format":"standard","meta":{"footnotes":""},"categories":[31],"tags":[34,36,40,24],"class_list":["post-730","post","type-post","status-publish","format-standard","has-post-thumbnail","hentry","category-rebbi-treffen-2018","tag-10-treffen","tag-36","tag-time-schedule","tag-zeitplan"],"_links":{"self":[{"href":"https:\/\/www.rebreather-reunion.de\/index.php?rest_route=\/wp\/v2\/posts\/730","targetHints":{"allow":["GET"]}}],"collection":[{"href":"https:\/\/www.rebreather-reunion.de\/index.php?rest_route=\/wp\/v2\/posts"}],"about":[{"href":"https:\/\/www.rebreather-reunion.de\/index.php?rest_route=\/wp\/v2\/types\/post"}],"author":[{"embeddable":true,"href":"https:\/\/www.rebreather-reunion.de\/index.php?rest_route=\/wp\/v2\/users\/1"}],"replies":[{"embeddable":true,"href":"https:\/\/www.rebreather-reunion.de\/index.php?rest_route=%2Fwp%2Fv2%2Fcomments&post=730"}],"version-history":[{"count":3,"href":"https:\/\/www.rebreather-reunion.de\/index.php?rest_route=\/wp\/v2\/posts\/730\/revisions"}],"predecessor-version":[{"id":738,"href":"https:\/\/www.rebreather-reunion.de\/index.php?rest_route=\/wp\/v2\/posts\/730\/revisions\/738"}],"wp:featuredmedia":[{"embeddable":true,"href":"https:\/\/www.rebreather-reunion.de\/index.php?rest_route=\/wp\/v2\/media\/731"}],"wp:attachment":[{"href":"https:\/\/www.rebreather-reunion.de\/index.php?rest_route=%2Fwp%2Fv2%2Fmedia&parent=730"}],"wp:term":[{"taxonomy":"category","embeddable":true,"href":"https:\/\/www.rebreather-reunion.de\/index.php?rest_route=%2Fwp%2Fv2%2Fcategories&post=730"},{"taxonomy":"post_tag","embeddable":true,"href":"https:\/\/www.rebreather-reunion.de\/index.php?rest_route=%2Fwp%2Fv2%2Ftags&post=730"}],"curies":[{"name":"wp","href":"https:\/\/api.w.org\/{rel}","templated":true}]}}