{"id":991,"date":"2020-02-04T23:32:12","date_gmt":"2020-02-04T22:32:12","guid":{"rendered":"https:\/\/www.rebreather-reunion.de\/?p=991"},"modified":"2020-02-05T21:32:48","modified_gmt":"2020-02-05T20:32:48","slug":"neue-flyer-fuer-2020-verfuegbar","status":"publish","type":"post","link":"https:\/\/www.rebreather-reunion.de\/?p=991","title":{"rendered":"Neue Flyer f\u00fcr 2020 verf\u00fcgbar"},"content":{"rendered":"\n<p>Nachdem sich die Wogen nach der 51. BOOT in D\u00fcsseldorf mit neuen Austellungshallen 11 und 12 gelegt haben, k\u00f6nnen wir uns voll und ganz auf unser 12. Treffen in diesem Jahr konzentrieren. Daher haben wir die Akquise der Referenten kurzfristig abgeschlossen.<\/p>\n\n\n\n<p>Berreits 2014 hatte uns Stephan Arends in einem praktischen Erste Hilfe Workshop viele n\u00fctzliche Handgriffe demonstriert. Nun hat er sich Verst\u00e4rkung mitgebracht. Zusammen mit Sven Kues, Tauchmediziner und Notarzt sowie Facharzt f\u00fcr An\u00e4sthesie wird Stephan uns Tauchunfall Management n\u00e4her bringen. Dabei geht es im theoretischen Teil um die Entstehnung von Tauchunf\u00e4llen und im Praxisteil um Wasserrettung und entstehende Herausforderungen im Zusammenhang mit TEC Tauchequipment. Dieser Teil findet direkt am und im See statt. Wir freuen uns \u00fcber ein paar freiwillige Teilnehmer bei dieser spannenden Premiere!<\/p>\n\n\n\n<p>Das Thema Geisternetze geistert ja nun bereits schon eine ganze Weile durch die sozialen Netze. Diverse Tauchgruppen und eigens gegr\u00fcndete Vereine befassen sich damit und bringen dann auch das eine oder andere Netz mit hoch. Wie das Thema Geisternetze in unseren heimischen Gew\u00e4ssern angepackt wird und was es rund um die sch\u00f6ne Insel R\u00fcgen an Wracks zu betauchen gibt, stellt uns Wolfgang Frank aus Prora vor.<\/p>\n\n\n\n<p>Die Flyer sind wie gewohnt im <a href=\"https:\/\/www.rebreather-reunion.de\/?page_id=235\">Downloadbereich<\/a> in Deutsch und Englisch verf\u00fcgbar. Anmeldungen zum Treffen k\u00f6nnen hier \u00fcber das Kontaktformular oder per Mail get\u00e4tigt werden. Facebook User k\u00f6nnen einfacher Weise in unserer Facebook Gruppe der noch folgenden Veranstaltungseinladungen zusagen.<\/p>\n\n\n\n<p>Wir freuen uns auf euch! Euer ORGA-TEAM<\/p>\n\n\n\n<figure class=\"wp-block-image size-large\"><img loading=\"lazy\" decoding=\"async\" width=\"725\" height=\"1024\" src=\"https:\/\/www.rebreather-reunion.de\/rr\/wp-content\/uploads\/2020\/02\/flyer_rebbi_12-725x1024.jpg\" alt=\"\" class=\"wp-image-993\" srcset=\"https:\/\/www.rebreather-reunion.de\/rr\/wp-content\/uploads\/2020\/02\/flyer_rebbi_12-725x1024.jpg 725w, https:\/\/www.rebreather-reunion.de\/rr\/wp-content\/uploads\/2020\/02\/flyer_rebbi_12-600x848.jpg 600w, https:\/\/www.rebreather-reunion.de\/rr\/wp-content\/uploads\/2020\/02\/flyer_rebbi_12-212x300.jpg 212w, https:\/\/www.rebreather-reunion.de\/rr\/wp-content\/uploads\/2020\/02\/flyer_rebbi_12-768x1085.jpg 768w, https:\/\/www.rebreather-reunion.de\/rr\/wp-content\/uploads\/2020\/02\/flyer_rebbi_12.jpg 800w\" sizes=\"auto, (max-width: 725px) 100vw, 725px\" \/><\/figure>\n","protected":false},"excerpt":{"rendered":"<p>Nachdem sich die Wogen nach der 51. BOOT in D\u00fcsseldorf mit neuen Austellungshallen 11 und 12 gelegt haben, k\u00f6nnen wir uns voll und ganz auf unser 12. Treffen in diesem Jahr konzentrieren. Daher haben wir die Akquise der Referenten kurzfristig &hellip; <a href=\"https:\/\/www.rebreather-reunion.de\/?p=991\">Weiter<\/a><\/p>\n","protected":false},"author":1,"featured_media":982,"comment_status":"closed","ping_status":"closed","sticky":false,"template":"","format":"standard","meta":{"footnotes":""},"categories":[46,4],"tags":[51,10,50,49],"class_list":["post-991","post","type-post","status-publish","format-standard","has-post-thumbnail","hentry","category-rebbi-treffen-2020","category-webseite","tag-abendveranstaltung","tag-flyer","tag-programm","tag-treffen-2020"],"_links":{"self":[{"href":"https:\/\/www.rebreather-reunion.de\/index.php?rest_route=\/wp\/v2\/posts\/991","targetHints":{"allow":["GET"]}}],"collection":[{"href":"https:\/\/www.rebreather-reunion.de\/index.php?rest_route=\/wp\/v2\/posts"}],"about":[{"href":"https:\/\/www.rebreather-reunion.de\/index.php?rest_route=\/wp\/v2\/types\/post"}],"author":[{"embeddable":true,"href":"https:\/\/www.rebreather-reunion.de\/index.php?rest_route=\/wp\/v2\/users\/1"}],"replies":[{"embeddable":true,"href":"https:\/\/www.rebreather-reunion.de\/index.php?rest_route=%2Fwp%2Fv2%2Fcomments&post=991"}],"version-history":[{"count":6,"href":"https:\/\/www.rebreather-reunion.de\/index.php?rest_route=\/wp\/v2\/posts\/991\/revisions"}],"predecessor-version":[{"id":999,"href":"https:\/\/www.rebreather-reunion.de\/index.php?rest_route=\/wp\/v2\/posts\/991\/revisions\/999"}],"wp:featuredmedia":[{"embeddable":true,"href":"https:\/\/www.rebreather-reunion.de\/index.php?rest_route=\/wp\/v2\/media\/982"}],"wp:attachment":[{"href":"https:\/\/www.rebreather-reunion.de\/index.php?rest_route=%2Fwp%2Fv2%2Fmedia&parent=991"}],"wp:term":[{"taxonomy":"category","embeddable":true,"href":"https:\/\/www.rebreather-reunion.de\/index.php?rest_route=%2Fwp%2Fv2%2Fcategories&post=991"},{"taxonomy":"post_tag","embeddable":true,"href":"https:\/\/www.rebreather-reunion.de\/index.php?rest_route=%2Fwp%2Fv2%2Ftags&post=991"}],"curies":[{"name":"wp","href":"https:\/\/api.w.org\/{rel}","templated":true}]}}